{"id":5936,"date":"2024-09-30T09:21:13","date_gmt":"2024-09-30T09:21:13","guid":{"rendered":"https:\/\/multimoto.pt\/?p=5936"},"modified":"2026-03-31T08:46:26","modified_gmt":"2026-03-31T08:46:26","slug":"tm-moto-nova-marca-do-grupo-multimoto","status":"publish","type":"post","link":"https:\/\/multimoto.pt\/en\/grupo-multimoto\/2024\/09\/30\/tm-moto-nova-marca-do-grupo-multimoto\/","title":{"rendered":"TM MOTO &#8211; Nova Marca do Grupo Multimoto"},"content":{"rendered":"<p>Com esta nova parceria, a Multimoto refor\u00e7a a sua posi\u00e7\u00e3o como o principal distribuidor de motociclos e equipamentos em Portugal, oferecendo aos entusiastas nacionais das motos off-road o acesso a uma das mais prestigiadas marcas, a n\u00edvel mundial, nas classes de Enduro Motocross, Trial e Supermoto.<\/p>\n<p><strong>Sobre a TM MOTO<\/strong><\/p>\n<p>Fundada em 1976, em It\u00e1lia, a <strong>TM Moto<\/strong> \u00e9 reconhecida globalmente pelo seu compromisso com a qualidade, desempenho e inova\u00e7\u00e3o. Especializada na produ\u00e7\u00e3o de motos de alta performance, a marca conquistou um lugar de destaque no universo das competi\u00e7\u00f5es off-road, com vit\u00f3rias importantes no enduro, motocross e supermoto ao longo dos anos.<\/p>\n<p>A <strong>TM Moto<\/strong> \u00e9 sin\u00f3nimo de excel\u00eancia e precis\u00e3o, desenvolvendo motos que conciliam engenharia de ponta com o foco rigoroso na qualidade e performance dos seus componentes, produzidos na sua esmagadora maioria \u201cdentro de portas\u201d por forma a garantir que o seu desempenho cumpre com exatid\u00e3o os requisitos da marca, com vista ao seu desempenho e prop\u00f3sito competitivo, que tornaram a marca numa refer\u00eancia na competi\u00e7\u00e3o.<\/p>\n<p>Em paralelo com o forte investimento na capacidade de produ\u00e7\u00e3o e desenvolvimento tecnol\u00f3gico dos seus produtos, feito nos \u00faltimos anos, a <strong>TM Moto<\/strong> mant\u00e9m-se fiel aos seus princ\u00edpios, n\u00e3o abdicando de um controlo rigoroso, desde o desenvolvimento e produ\u00e7\u00e3o dos seus pr\u00f3prios componentes, \u00e0 prepara\u00e7\u00e3o e montagem manual de cada uma das motos que saem do seu \u201claborat\u00f3rio\u201d, como gostam de lhe chamar os respons\u00e1veis pela marca de Pesaro.<\/p>\n<p><img decoding=\"async\" class=\"lazyload wp-image-5938 size-full aligncenter\" src=\"https:\/\/multimoto.pt\/wp-content\/uploads\/2024\/09\/TM_Noticia_Imagem.jpg\" data-orig-src=\"https:\/\/multimoto.pt\/wp-content\/uploads\/2024\/09\/TM_Noticia_Imagem.jpg\" alt=\"\" width=\"1440\" height=\"688\" srcset=\"data:image\/svg+xml,%3Csvg%20xmlns%3D%27http%3A%2F%2Fwww.w3.org%2F2000%2Fsvg%27%20width%3D%271440%27%20height%3D%27688%27%20viewBox%3D%270%200%201440%20688%27%3E%3Crect%20width%3D%271440%27%20height%3D%27688%27%20fill-opacity%3D%220%22%2F%3E%3C%2Fsvg%3E\" data-srcset=\"https:\/\/multimoto.pt\/wp-content\/uploads\/2024\/09\/TM_Noticia_Imagem-18x9.jpg 18w, https:\/\/multimoto.pt\/wp-content\/uploads\/2024\/09\/TM_Noticia_Imagem-200x96.jpg 200w, https:\/\/multimoto.pt\/wp-content\/uploads\/2024\/09\/TM_Noticia_Imagem-300x143.jpg 300w, https:\/\/multimoto.pt\/wp-content\/uploads\/2024\/09\/TM_Noticia_Imagem-400x191.jpg 400w, https:\/\/multimoto.pt\/wp-content\/uploads\/2024\/09\/TM_Noticia_Imagem-600x287.jpg 600w, https:\/\/multimoto.pt\/wp-content\/uploads\/2024\/09\/TM_Noticia_Imagem-768x367.jpg 768w, https:\/\/multimoto.pt\/wp-content\/uploads\/2024\/09\/TM_Noticia_Imagem-800x382.jpg 800w, https:\/\/multimoto.pt\/wp-content\/uploads\/2024\/09\/TM_Noticia_Imagem-1024x489.jpg 1024w, https:\/\/multimoto.pt\/wp-content\/uploads\/2024\/09\/TM_Noticia_Imagem-1200x573.jpg 1200w, https:\/\/multimoto.pt\/wp-content\/uploads\/2024\/09\/TM_Noticia_Imagem.jpg 1440w\" data-sizes=\"auto\" data-orig-sizes=\"(max-width: 1440px) 100vw, 1440px\" \/><\/p>\n<p><strong>A Parceria com a Multimoto Motor Portugal S.A.<\/strong><\/p>\n<p>Com esta nova representa\u00e7\u00e3o exclusiva, a Multimoto compromete-se a disponibilizar ao p\u00fablico portugu\u00eas toda a gama de modelos TM Moto, oferecendo tamb\u00e9m um servi\u00e7o de assist\u00eancia t\u00e9cnica de qualidade, atrav\u00e9s da rede de concession\u00e1rios da marca, que tem sido um dos compromissos mais importantes para empresa sediada em Oliveira de Azem\u00e9is.<\/p>\n<p>Esta parceria marca uma nova fase para a TM Moto em Portugal, e a Multimoto est\u00e1 entusiasmada por poder contribuir com a sua experi\u00eancia para o crescimento de uma das mais prestigiadas marcas de motos de competi\u00e7\u00e3o, no mercado portugu\u00eas.<\/p>\n<p>&nbsp;<\/p>","protected":false},"excerpt":{"rendered":"<p>A Multimoto Motor Portugal S.A. tem o prazer de anunciar que \u00e9 o distribuidor exclusivo da marca TM Moto para o mercado portugu\u00eas.<\/p>","protected":false},"author":2,"featured_media":5937,"comment_status":"closed","ping_status":"closed","sticky":false,"template":"","format":"gallery","meta":{"footnotes":""},"categories":[137],"tags":[],"class_list":["post-5936","post","type-post","status-publish","format-gallery","has-post-thumbnail","hentry","category-grupo-multimoto","post_format-post-format-gallery"],"yoast_head":"<!-- This site is optimized with the Yoast SEO plugin v27.4 - https:\/\/yoast.com\/product\/yoast-seo-wordpress\/ -->\n<title>TM MOTO - Nova Marca do Grupo Multimoto - Multimoto<\/title>\n<meta name=\"robots\" content=\"index, follow, max-snippet:-1, max-image-preview:large, max-video-preview:-1\" \/>\n<link rel=\"canonical\" href=\"https:\/\/multimoto.pt\/en\/grupo-multimoto\/2024\/09\/30\/tm-moto-nova-marca-do-grupo-multimoto\/\" \/>\n<meta property=\"og:locale\" content=\"en_GB\" \/>\n<meta property=\"og:type\" content=\"article\" \/>\n<meta property=\"og:title\" content=\"TM MOTO - Nova Marca do Grupo Multimoto - Multimoto\" \/>\n<meta property=\"og:description\" content=\"A Multimoto Motor Portugal S.A. tem o prazer de anunciar que \u00e9 o distribuidor exclusivo da marca TM Moto para o mercado portugu\u00eas.\" \/>\n<meta property=\"og:url\" content=\"https:\/\/multimoto.pt\/en\/grupo-multimoto\/2024\/09\/30\/tm-moto-nova-marca-do-grupo-multimoto\/\" \/>\n<meta property=\"og:site_name\" content=\"Multimoto\" \/>\n<meta property=\"article:published_time\" content=\"2024-09-30T09:21:13+00:00\" \/>\n<meta property=\"article:modified_time\" content=\"2026-03-31T08:46:26+00:00\" \/>\n<meta property=\"og:image\" content=\"https:\/\/multimoto.pt\/wp-content\/uploads\/2024\/09\/TM_Noticia_Destaque.jpg\" \/>\n\t<meta property=\"og:image:width\" content=\"1440\" \/>\n\t<meta property=\"og:image:height\" content=\"960\" \/>\n\t<meta property=\"og:image:type\" content=\"image\/jpeg\" \/>\n<meta name=\"author\" content=\"admin\" \/>\n<meta name=\"twitter:card\" content=\"summary_large_image\" \/>\n<meta name=\"twitter:label1\" content=\"Written by\" \/>\n\t<meta name=\"twitter:data1\" content=\"admin\" \/>\n\t<meta name=\"twitter:label2\" content=\"Estimated reading time\" \/>\n\t<meta name=\"twitter:data2\" content=\"3 minutes\" \/>\n<script type=\"application\/ld+json\" class=\"yoast-schema-graph\">{\"@context\":\"https:\\\/\\\/schema.org\",\"@graph\":[{\"@type\":\"Article\",\"@id\":\"https:\\\/\\\/multimoto.pt\\\/grupo-multimoto\\\/2024\\\/09\\\/30\\\/tm-moto-nova-marca-do-grupo-multimoto\\\/#article\",\"isPartOf\":{\"@id\":\"https:\\\/\\\/multimoto.pt\\\/grupo-multimoto\\\/2024\\\/09\\\/30\\\/tm-moto-nova-marca-do-grupo-multimoto\\\/\"},\"author\":{\"name\":\"admin\",\"@id\":\"https:\\\/\\\/multimoto.pt\\\/#\\\/schema\\\/person\\\/fc3a4978fd45d456b1c83fd582ded26c\"},\"headline\":\"TM MOTO &#8211; Nova Marca do Grupo Multimoto\",\"datePublished\":\"2024-09-30T09:21:13+00:00\",\"dateModified\":\"2026-03-31T08:46:26+00:00\",\"mainEntityOfPage\":{\"@id\":\"https:\\\/\\\/multimoto.pt\\\/grupo-multimoto\\\/2024\\\/09\\\/30\\\/tm-moto-nova-marca-do-grupo-multimoto\\\/\"},\"wordCount\":380,\"image\":{\"@id\":\"https:\\\/\\\/multimoto.pt\\\/grupo-multimoto\\\/2024\\\/09\\\/30\\\/tm-moto-nova-marca-do-grupo-multimoto\\\/#primaryimage\"},\"thumbnailUrl\":\"https:\\\/\\\/multimoto.pt\\\/wp-content\\\/uploads\\\/2024\\\/09\\\/TM_Noticia_Destaque.jpg\",\"articleSection\":[\"Grupo Multimoto\"],\"inLanguage\":\"en-GB\"},{\"@type\":\"WebPage\",\"@id\":\"https:\\\/\\\/multimoto.pt\\\/grupo-multimoto\\\/2024\\\/09\\\/30\\\/tm-moto-nova-marca-do-grupo-multimoto\\\/\",\"url\":\"https:\\\/\\\/multimoto.pt\\\/grupo-multimoto\\\/2024\\\/09\\\/30\\\/tm-moto-nova-marca-do-grupo-multimoto\\\/\",\"name\":\"TM MOTO - Nova Marca do Grupo Multimoto - Multimoto\",\"isPartOf\":{\"@id\":\"https:\\\/\\\/multimoto.pt\\\/#website\"},\"primaryImageOfPage\":{\"@id\":\"https:\\\/\\\/multimoto.pt\\\/grupo-multimoto\\\/2024\\\/09\\\/30\\\/tm-moto-nova-marca-do-grupo-multimoto\\\/#primaryimage\"},\"image\":{\"@id\":\"https:\\\/\\\/multimoto.pt\\\/grupo-multimoto\\\/2024\\\/09\\\/30\\\/tm-moto-nova-marca-do-grupo-multimoto\\\/#primaryimage\"},\"thumbnailUrl\":\"https:\\\/\\\/multimoto.pt\\\/wp-content\\\/uploads\\\/2024\\\/09\\\/TM_Noticia_Destaque.jpg\",\"datePublished\":\"2024-09-30T09:21:13+00:00\",\"dateModified\":\"2026-03-31T08:46:26+00:00\",\"author\":{\"@id\":\"https:\\\/\\\/multimoto.pt\\\/#\\\/schema\\\/person\\\/fc3a4978fd45d456b1c83fd582ded26c\"},\"breadcrumb\":{\"@id\":\"https:\\\/\\\/multimoto.pt\\\/grupo-multimoto\\\/2024\\\/09\\\/30\\\/tm-moto-nova-marca-do-grupo-multimoto\\\/#breadcrumb\"},\"inLanguage\":\"en-GB\",\"potentialAction\":[{\"@type\":\"ReadAction\",\"target\":[\"https:\\\/\\\/multimoto.pt\\\/grupo-multimoto\\\/2024\\\/09\\\/30\\\/tm-moto-nova-marca-do-grupo-multimoto\\\/\"]}]},{\"@type\":\"ImageObject\",\"inLanguage\":\"en-GB\",\"@id\":\"https:\\\/\\\/multimoto.pt\\\/grupo-multimoto\\\/2024\\\/09\\\/30\\\/tm-moto-nova-marca-do-grupo-multimoto\\\/#primaryimage\",\"url\":\"https:\\\/\\\/multimoto.pt\\\/wp-content\\\/uploads\\\/2024\\\/09\\\/TM_Noticia_Destaque.jpg\",\"contentUrl\":\"https:\\\/\\\/multimoto.pt\\\/wp-content\\\/uploads\\\/2024\\\/09\\\/TM_Noticia_Destaque.jpg\",\"width\":1440,\"height\":960},{\"@type\":\"BreadcrumbList\",\"@id\":\"https:\\\/\\\/multimoto.pt\\\/grupo-multimoto\\\/2024\\\/09\\\/30\\\/tm-moto-nova-marca-do-grupo-multimoto\\\/#breadcrumb\",\"itemListElement\":[{\"@type\":\"ListItem\",\"position\":1,\"name\":\"In\u00edcio\",\"item\":\"https:\\\/\\\/multimoto.pt\\\/\"},{\"@type\":\"ListItem\",\"position\":2,\"name\":\"TM MOTO &#8211; Nova Marca do Grupo Multimoto\"}]},{\"@type\":\"WebSite\",\"@id\":\"https:\\\/\\\/multimoto.pt\\\/#website\",\"url\":\"https:\\\/\\\/multimoto.pt\\\/\",\"name\":\"Multimoto\",\"description\":\"Solu\u00e7\u00f5es de Mobilidade\",\"potentialAction\":[{\"@type\":\"SearchAction\",\"target\":{\"@type\":\"EntryPoint\",\"urlTemplate\":\"https:\\\/\\\/multimoto.pt\\\/?s={search_term_string}\"},\"query-input\":{\"@type\":\"PropertyValueSpecification\",\"valueRequired\":true,\"valueName\":\"search_term_string\"}}],\"inLanguage\":\"en-GB\"},{\"@type\":\"Person\",\"@id\":\"https:\\\/\\\/multimoto.pt\\\/#\\\/schema\\\/person\\\/fc3a4978fd45d456b1c83fd582ded26c\",\"name\":\"admin\",\"image\":{\"@type\":\"ImageObject\",\"inLanguage\":\"en-GB\",\"@id\":\"https:\\\/\\\/secure.gravatar.com\\\/avatar\\\/181977fb8e99becc2d3448cfa593eb5bb636e9029f669d2e9716eeb83bce5097?s=96&d=mm&r=g\",\"url\":\"https:\\\/\\\/secure.gravatar.com\\\/avatar\\\/181977fb8e99becc2d3448cfa593eb5bb636e9029f669d2e9716eeb83bce5097?s=96&d=mm&r=g\",\"contentUrl\":\"https:\\\/\\\/secure.gravatar.com\\\/avatar\\\/181977fb8e99becc2d3448cfa593eb5bb636e9029f669d2e9716eeb83bce5097?s=96&d=mm&r=g\",\"caption\":\"admin\"},\"url\":\"https:\\\/\\\/multimoto.pt\\\/en\\\/author\\\/admin\\\/\"}]}<\/script>\n<!-- \/ Yoast SEO plugin. -->","yoast_head_json":{"title":"TM MOTO - Nova Marca do Grupo Multimoto - Multimoto","robots":{"index":"index","follow":"follow","max-snippet":"max-snippet:-1","max-image-preview":"max-image-preview:large","max-video-preview":"max-video-preview:-1"},"canonical":"https:\/\/multimoto.pt\/en\/grupo-multimoto\/2024\/09\/30\/tm-moto-nova-marca-do-grupo-multimoto\/","og_locale":"en_GB","og_type":"article","og_title":"TM MOTO - Nova Marca do Grupo Multimoto - Multimoto","og_description":"A Multimoto Motor Portugal S.A. tem o prazer de anunciar que \u00e9 o distribuidor exclusivo da marca TM Moto para o mercado portugu\u00eas.","og_url":"https:\/\/multimoto.pt\/en\/grupo-multimoto\/2024\/09\/30\/tm-moto-nova-marca-do-grupo-multimoto\/","og_site_name":"Multimoto","article_published_time":"2024-09-30T09:21:13+00:00","article_modified_time":"2026-03-31T08:46:26+00:00","og_image":[{"width":1440,"height":960,"url":"https:\/\/multimoto.pt\/wp-content\/uploads\/2024\/09\/TM_Noticia_Destaque.jpg","type":"image\/jpeg"}],"author":"admin","twitter_card":"summary_large_image","twitter_misc":{"Written by":"admin","Estimated reading time":"3 minutes"},"schema":{"@context":"https:\/\/schema.org","@graph":[{"@type":"Article","@id":"https:\/\/multimoto.pt\/grupo-multimoto\/2024\/09\/30\/tm-moto-nova-marca-do-grupo-multimoto\/#article","isPartOf":{"@id":"https:\/\/multimoto.pt\/grupo-multimoto\/2024\/09\/30\/tm-moto-nova-marca-do-grupo-multimoto\/"},"author":{"name":"admin","@id":"https:\/\/multimoto.pt\/#\/schema\/person\/fc3a4978fd45d456b1c83fd582ded26c"},"headline":"TM MOTO &#8211; Nova Marca do Grupo Multimoto","datePublished":"2024-09-30T09:21:13+00:00","dateModified":"2026-03-31T08:46:26+00:00","mainEntityOfPage":{"@id":"https:\/\/multimoto.pt\/grupo-multimoto\/2024\/09\/30\/tm-moto-nova-marca-do-grupo-multimoto\/"},"wordCount":380,"image":{"@id":"https:\/\/multimoto.pt\/grupo-multimoto\/2024\/09\/30\/tm-moto-nova-marca-do-grupo-multimoto\/#primaryimage"},"thumbnailUrl":"https:\/\/multimoto.pt\/wp-content\/uploads\/2024\/09\/TM_Noticia_Destaque.jpg","articleSection":["Grupo Multimoto"],"inLanguage":"en-GB"},{"@type":"WebPage","@id":"https:\/\/multimoto.pt\/grupo-multimoto\/2024\/09\/30\/tm-moto-nova-marca-do-grupo-multimoto\/","url":"https:\/\/multimoto.pt\/grupo-multimoto\/2024\/09\/30\/tm-moto-nova-marca-do-grupo-multimoto\/","name":"TM MOTO - Nova Marca do Grupo Multimoto - Multimoto","isPartOf":{"@id":"https:\/\/multimoto.pt\/#website"},"primaryImageOfPage":{"@id":"https:\/\/multimoto.pt\/grupo-multimoto\/2024\/09\/30\/tm-moto-nova-marca-do-grupo-multimoto\/#primaryimage"},"image":{"@id":"https:\/\/multimoto.pt\/grupo-multimoto\/2024\/09\/30\/tm-moto-nova-marca-do-grupo-multimoto\/#primaryimage"},"thumbnailUrl":"https:\/\/multimoto.pt\/wp-content\/uploads\/2024\/09\/TM_Noticia_Destaque.jpg","datePublished":"2024-09-30T09:21:13+00:00","dateModified":"2026-03-31T08:46:26+00:00","author":{"@id":"https:\/\/multimoto.pt\/#\/schema\/person\/fc3a4978fd45d456b1c83fd582ded26c"},"breadcrumb":{"@id":"https:\/\/multimoto.pt\/grupo-multimoto\/2024\/09\/30\/tm-moto-nova-marca-do-grupo-multimoto\/#breadcrumb"},"inLanguage":"en-GB","potentialAction":[{"@type":"ReadAction","target":["https:\/\/multimoto.pt\/grupo-multimoto\/2024\/09\/30\/tm-moto-nova-marca-do-grupo-multimoto\/"]}]},{"@type":"ImageObject","inLanguage":"en-GB","@id":"https:\/\/multimoto.pt\/grupo-multimoto\/2024\/09\/30\/tm-moto-nova-marca-do-grupo-multimoto\/#primaryimage","url":"https:\/\/multimoto.pt\/wp-content\/uploads\/2024\/09\/TM_Noticia_Destaque.jpg","contentUrl":"https:\/\/multimoto.pt\/wp-content\/uploads\/2024\/09\/TM_Noticia_Destaque.jpg","width":1440,"height":960},{"@type":"BreadcrumbList","@id":"https:\/\/multimoto.pt\/grupo-multimoto\/2024\/09\/30\/tm-moto-nova-marca-do-grupo-multimoto\/#breadcrumb","itemListElement":[{"@type":"ListItem","position":1,"name":"In\u00edcio","item":"https:\/\/multimoto.pt\/"},{"@type":"ListItem","position":2,"name":"TM MOTO &#8211; Nova Marca do Grupo Multimoto"}]},{"@type":"WebSite","@id":"https:\/\/multimoto.pt\/#website","url":"https:\/\/multimoto.pt\/","name":"Multimoto","description":"Solu\u00e7\u00f5es de Mobilidade","potentialAction":[{"@type":"SearchAction","target":{"@type":"EntryPoint","urlTemplate":"https:\/\/multimoto.pt\/?s={search_term_string}"},"query-input":{"@type":"PropertyValueSpecification","valueRequired":true,"valueName":"search_term_string"}}],"inLanguage":"en-GB"},{"@type":"Person","@id":"https:\/\/multimoto.pt\/#\/schema\/person\/fc3a4978fd45d456b1c83fd582ded26c","name":"admin","image":{"@type":"ImageObject","inLanguage":"en-GB","@id":"https:\/\/secure.gravatar.com\/avatar\/181977fb8e99becc2d3448cfa593eb5bb636e9029f669d2e9716eeb83bce5097?s=96&d=mm&r=g","url":"https:\/\/secure.gravatar.com\/avatar\/181977fb8e99becc2d3448cfa593eb5bb636e9029f669d2e9716eeb83bce5097?s=96&d=mm&r=g","contentUrl":"https:\/\/secure.gravatar.com\/avatar\/181977fb8e99becc2d3448cfa593eb5bb636e9029f669d2e9716eeb83bce5097?s=96&d=mm&r=g","caption":"admin"},"url":"https:\/\/multimoto.pt\/en\/author\/admin\/"}]}},"_links":{"self":[{"href":"https:\/\/multimoto.pt\/en\/wp-json\/wp\/v2\/posts\/5936","targetHints":{"allow":["GET"]}}],"collection":[{"href":"https:\/\/multimoto.pt\/en\/wp-json\/wp\/v2\/posts"}],"about":[{"href":"https:\/\/multimoto.pt\/en\/wp-json\/wp\/v2\/types\/post"}],"author":[{"embeddable":true,"href":"https:\/\/multimoto.pt\/en\/wp-json\/wp\/v2\/users\/2"}],"replies":[{"embeddable":true,"href":"https:\/\/multimoto.pt\/en\/wp-json\/wp\/v2\/comments?post=5936"}],"version-history":[{"count":2,"href":"https:\/\/multimoto.pt\/en\/wp-json\/wp\/v2\/posts\/5936\/revisions"}],"predecessor-version":[{"id":5940,"href":"https:\/\/multimoto.pt\/en\/wp-json\/wp\/v2\/posts\/5936\/revisions\/5940"}],"wp:featuredmedia":[{"embeddable":true,"href":"https:\/\/multimoto.pt\/en\/wp-json\/wp\/v2\/media\/5937"}],"wp:attachment":[{"href":"https:\/\/multimoto.pt\/en\/wp-json\/wp\/v2\/media?parent=5936"}],"wp:term":[{"taxonomy":"category","embeddable":true,"href":"https:\/\/multimoto.pt\/en\/wp-json\/wp\/v2\/categories?post=5936"},{"taxonomy":"post_tag","embeddable":true,"href":"https:\/\/multimoto.pt\/en\/wp-json\/wp\/v2\/tags?post=5936"}],"curies":[{"name":"wp","href":"https:\/\/api.w.org\/{rel}","templated":true}]}}